{"id":18783,"date":"2023-12-21T09:07:17","date_gmt":"2023-12-21T13:07:17","guid":{"rendered":"https:\/\/albergueolimpico.com\/?post_type=news&#038;p=18783"},"modified":"2023-12-21T09:07:18","modified_gmt":"2023-12-21T13:07:18","slug":"ayden-owens-delerme-adopta-el-albergue-olimpico-como-su-centro-de-entrenamiento-hacia-paris-2024","status":"publish","type":"news","link":"https:\/\/albergueolimpico.com\/en\/news\/ayden-owens-delerme-adopta-el-albergue-olimpico-como-su-centro-de-entrenamiento-hacia-paris-2024\/","title":{"rendered":"Ayden Owens-Delerme adopta el Albergue Ol\u00edmpico como su centro de entrenamiento hacia Par\u00eds 2024"},"content":{"rendered":"<h3 class=\"wp-block-heading\">Ayden Owens-Delerme adopta el Albergue Ol\u00edmpico como su centro de entrenamiento hacia Par\u00eds 2024<\/h3>\n\n\n\n<p>Por Marvin Fonseca Barahona<\/p>\n\n\n\n<p>Salinas, PR (21 de diciembre de 2023) &#8211; En los \u00faltimos 10 a\u00f1os, han sido pocos los atletas que han decidido adoptar las instalaciones deportivas del Albergue Ol\u00edmpico como su centro de entrenamiento con miras a unos Juegos Ol\u00edmpicos, hasta que lleg\u00f3 Ayden Owens-Delerme, quien se destaca en el decatl\u00f3n.<\/p>\n\n\n\n<p>Owens-Delerme, nieto de abuelos puertorrique\u00f1os, dijo que su objetivo principal es poder rehabilitarse de una lesi\u00f3n en las rodillas y prepararse f\u00edsica y emocionalmente para la pr\u00f3xima temporada que incluye la cita mundialista, que ser\u00e1 el verano del a\u00f1o que viene en Budapest, Hungr\u00eda y en los Juegos Ol\u00edmpicos de Par\u00eds 2024.<\/p>\n\n\n\n<p>Owens-Delerme, quien lleg\u00f3 al Albergue hace dos meses, est\u00e1 acompa\u00f1ado por su nuevo entrenador, el dos veces ol\u00edmpico y medallista de plata en salto con p\u00e9rtiga en las Olimpiadas de S\u00eddney 2000, Lawrence \u201cLo-Jo\u201d Johnson. \u201cEs un recurso con vasta experiencia que me ayudar\u00e1 para elevar mi nivel de competencia rumbo a mis primeras olimpiadas\u201d, afirm\u00f3 el atleta natural de Pittsburgh durante la entrevista en el programa educativo \u201cOlimpismo para la Vida\u201d, del Museo Ol\u00edmpico de Puerto Rico.<\/p>\n\n\n\n<p>El decatleta qued\u00f3 impresionado con la exhibici\u00f3n \u201c90 a\u00f1os de Olimpismo Puertorrique\u00f1o\u201d en el Museo Ol\u00edmpico en que se resalta la historia de Puerto Rico en el movimiento ol\u00edmpico 1930 al 2020 y que lo inspir\u00f3 a continuar su ardua preparaci\u00f3n para en el futuro ser una de las figuras en el Museo y que igualmente inspire a futuras generaciones.<\/p>\n\n\n\n<p>\u201cEstoy impresionado por las instalaciones deportivas y de preparaci\u00f3n que tiene el Albergue, el apoyo recibido como atleta nacional&#8230; es todo lo que necesito para prepararme al cien por ciento. Pienso que me va a ayudar mucho hacia mi meta que es Par\u00eds 2024\u201d, coment\u00f3 Owens-Delerme, quien agreg\u00f3 que hizo contacto inicialmente con la Federaci\u00f3n de Atletismo por medio de uno de sus entrenadores, Jos\u00e9 Rivera.<\/p>\n\n\n\n<p>El contacto, dijo Owens-Delerme, surgi\u00f3 mientras estudiaba en la escuela superior, cuando un d\u00eda Rivera me indic\u00f3 que &#8220;al ser puertorrique\u00f1o podr\u00eda representar a la Isla en futuras competencias internacionales&#8221;. Realmente no sab\u00eda si era posible, pero hicimos las gestiones y mi primera competencia fue en el Campeonato Mundial menores de 20 a\u00f1os en Finlandia, en el 2018\u201d.<\/p>\n\n\n\n<p>Sobre el hecho de tomar la decisi\u00f3n de no representar a Estados Unidos, donde se cri\u00f3 o Puerto Rico, dijo que fue dif\u00edcil, pero al final fue la correcta. \u201cFue una decisi\u00f3n personal. Tuve mucha presi\u00f3n por los entrenadores norteamericanos, porque ten\u00eda mucha expectativa, ya que, al residir, estudiar, entrenarme y competir all\u00e1, quer\u00edan que representar\u00e1 a Estados Unidos. Pero al ser puertorrique\u00f1o con una herencia puertorrique\u00f1a de la cual me siento muy orgulloso, no ten\u00eda inter\u00e9s en representar a Estados Unidos\u201d.<\/p>\n\n\n\n<p>Agreg\u00f3 que cuando supo que exist\u00eda la opci\u00f3n de utilizar los colores de Puerto Rico en el uniforme en eventos internacionales tom\u00f3 la decisi\u00f3n de que su mam\u00e1 y sus abuelos se sintieran orgullosos de \u00e9l representando a la Isla. \u201cSab\u00eda que el representar a la Isla tendr\u00eda un impacto en el pueblo, en mi familia y en m\u00ed personalmente, porque estar\u00e9 compitiendo por un pa\u00eds que realmente quiero y por el que me siento orgulloso\u201d.<\/p>\n\n\n\n<p>\u201cEstoy bien emocionado de entrenar en Puerto Rico, especialmente en el Albergue Ol\u00edmpico, conocer la gente de aqu\u00ed, seguir aprendiendo el idioma y entrenar en mi patria. Realmente tomar esta decisi\u00f3n fue f\u00e1cil, porque siempre quise estar aqu\u00ed luego de terminar la universidad, adem\u00e1s de que entrenaba aqu\u00ed cada diciembre cuando ven\u00eda a visitar a la familia. Me siento bien, con salud y preparado para lograr mi meta que es Par\u00eds\u201d, afirm\u00f3 Owens-Delerme<\/p>","protected":false},"excerpt":{"rendered":"<p>Ayden Owens-Delerme adopta el Albergue Ol\u00edmpico como su centro de entrenamiento hacia Par\u00eds 2024 Por Marvin Fonseca Barahona Salinas, PR (21 de diciembre de 2023) &#8211; En los \u00faltimos 10 a\u00f1os, han sido pocos los atletas que han decidido adoptar las instalaciones deportivas del Albergue Ol\u00edmpico como su centro de entrenamiento con miras a unos [&hellip;]<\/p>\n","protected":false},"author":1,"featured_media":18786,"comment_status":"closed","ping_status":"closed","template":"","tags":[],"news-category":[],"class_list":["post-18783","news","type-news","status-publish","has-post-thumbnail","hentry"],"_links":{"self":[{"href":"https:\/\/albergueolimpico.com\/en\/wp-json\/wp\/v2\/news\/18783","targetHints":{"allow":["GET"]}}],"collection":[{"href":"https:\/\/albergueolimpico.com\/en\/wp-json\/wp\/v2\/news"}],"about":[{"href":"https:\/\/albergueolimpico.com\/en\/wp-json\/wp\/v2\/types\/news"}],"author":[{"embeddable":true,"href":"https:\/\/albergueolimpico.com\/en\/wp-json\/wp\/v2\/users\/1"}],"replies":[{"embeddable":true,"href":"https:\/\/albergueolimpico.com\/en\/wp-json\/wp\/v2\/comments?post=18783"}],"version-history":[{"count":2,"href":"https:\/\/albergueolimpico.com\/en\/wp-json\/wp\/v2\/news\/18783\/revisions"}],"predecessor-version":[{"id":18787,"href":"https:\/\/albergueolimpico.com\/en\/wp-json\/wp\/v2\/news\/18783\/revisions\/18787"}],"wp:featuredmedia":[{"embeddable":true,"href":"https:\/\/albergueolimpico.com\/en\/wp-json\/wp\/v2\/media\/18786"}],"wp:attachment":[{"href":"https:\/\/albergueolimpico.com\/en\/wp-json\/wp\/v2\/media?parent=18783"}],"wp:term":[{"taxonomy":"post_tag","embeddable":true,"href":"https:\/\/albergueolimpico.com\/en\/wp-json\/wp\/v2\/tags?post=18783"},{"taxonomy":"news-category","embeddable":true,"href":"https:\/\/albergueolimpico.com\/en\/wp-json\/wp\/v2\/news-category?post=18783"}],"curies":[{"name":"wp","href":"https:\/\/api.w.org\/{rel}","templated":true}]}}